{"id":695,"date":"2023-04-15T19:17:17","date_gmt":"2023-04-15T18:17:17","guid":{"rendered":"https:\/\/www.oefg-oberthulba.de\/?p=695"},"modified":"2023-04-15T19:18:12","modified_gmt":"2023-04-15T18:18:12","slug":"generalversammlung-2023","status":"publish","type":"post","link":"https:\/\/www.oefg-oberthulba.de\/?p=695","title":{"rendered":"Generalversammlung 2023"},"content":{"rendered":"\n<p class=\"wp-block-paragraph\">Zeit: Donnerstag, 18.05.2023 um 18:00 Uhr<br>Ort: Marktscheune Oberthulba<\/p>\n\n\n\n<p class=\"wp-block-paragraph\">Programm:<br>1. Begr\u00fc\u00dfung&nbsp;<br>2. Verlesen des Protokolls der Generalversammlung 2022&nbsp;<br>3. Bericht der Gardekoordinatorin&nbsp;<br>4. Bericht der Familiensitzung&nbsp;<br>5. Bericht der Sitzungspr\u00e4sidenten&nbsp;<br>6. Bericht des Gesellschaftspr\u00e4sidenten&nbsp;<br>7. Kassenbericht des Schatzmeisters&nbsp;<br>8. Bericht der Kassenpr\u00fcfer und Entlastung des Schatzmeisters und der Vorstandschaft&nbsp;<br>9. Termine 2023\/2024&nbsp;<br>&#8211; \u00d6FG-Bl\u00e4ttle&nbsp;<br>&#8211; Helferfest&nbsp;<br>&#8211; Ordensabend&nbsp;<br>&#8211; Prunksitzungen&nbsp;<br>10. W\u00fcnsche, Antr\u00e4ge und Sonstiges&nbsp;<br>&#8211; B\u00fchnenbild&nbsp;<br>&#8211; Gardekost\u00fcme Jugendmarschtanz<br>&#8211; Technik<\/p>\n\n\n\n<p class=\"wp-block-paragraph\">Eine gesonderte Einladung ergeht nicht mehr. Ich freue mich auf euer Kommen.<\/p>\n\n\n\n<p class=\"wp-block-paragraph\">Mit freundlichen Gr\u00fc\u00dfen<\/p>\n\n\n\n<p class=\"wp-block-paragraph\">Bernd Waldner<br>1. Gesellschaftspr\u00e4sident<\/p>\n","protected":false},"excerpt":{"rendered":"<p>Zeit: Donnerstag, 18.05.2023 um 18:00 UhrOrt: Marktscheune Oberthulba Programm:1. Begr\u00fc\u00dfung&nbsp;2. Verlesen des Protokolls der Generalversammlung 2022&nbsp;3. Bericht der Gardekoordinatorin&nbsp;4. Bericht der Familiensitzung&nbsp;5. Bericht der Sitzungspr\u00e4sidenten&nbsp;6. Bericht des Gesellschaftspr\u00e4sidenten&nbsp;7. Kassenbericht des Schatzmeisters&nbsp;8. Bericht der Kassenpr\u00fcfer und Entlastung des Schatzmeisters und der Vorstandschaft&nbsp;9. Termine 2023\/2024&nbsp;&#8211; \u00d6FG-Bl\u00e4ttle&nbsp;&#8211; Helferfest&nbsp;&#8211; Ordensabend&nbsp;&#8211; Prunksitzungen&nbsp;10. W\u00fcnsche, Antr\u00e4ge und Sonstiges&nbsp;&#8211; B\u00fchnenbild&nbsp;&#8211; Gardekost\u00fcme Jugendmarschtanz&#8211; Technik<\/p><\/div>\n<div class=\"blog-btn\"><a href=\"https:\/\/www.oefg-oberthulba.de\/?p=695\" class=\"home-blog-btn\">Weiterlesen<\/a><\/p>\n","protected":false},"author":1,"featured_media":0,"comment_status":"closed","ping_status":"open","sticky":false,"template":"","format":"standard","meta":{"_crdt_document":"","ngg_post_thumbnail":0,"footnotes":""},"categories":[5],"tags":[],"class_list":["post-695","post","type-post","status-publish","format-standard","hentry","category-news"],"_links":{"self":[{"href":"https:\/\/www.oefg-oberthulba.de\/index.php?rest_route=\/wp\/v2\/posts\/695","targetHints":{"allow":["GET"]}}],"collection":[{"href":"https:\/\/www.oefg-oberthulba.de\/index.php?rest_route=\/wp\/v2\/posts"}],"about":[{"href":"https:\/\/www.oefg-oberthulba.de\/index.php?rest_route=\/wp\/v2\/types\/post"}],"author":[{"embeddable":true,"href":"https:\/\/www.oefg-oberthulba.de\/index.php?rest_route=\/wp\/v2\/users\/1"}],"replies":[{"embeddable":true,"href":"https:\/\/www.oefg-oberthulba.de\/index.php?rest_route=%2Fwp%2Fv2%2Fcomments&post=695"}],"version-history":[{"count":1,"href":"https:\/\/www.oefg-oberthulba.de\/index.php?rest_route=\/wp\/v2\/posts\/695\/revisions"}],"predecessor-version":[{"id":696,"href":"https:\/\/www.oefg-oberthulba.de\/index.php?rest_route=\/wp\/v2\/posts\/695\/revisions\/696"}],"wp:attachment":[{"href":"https:\/\/www.oefg-oberthulba.de\/index.php?rest_route=%2Fwp%2Fv2%2Fmedia&parent=695"}],"wp:term":[{"taxonomy":"category","embeddable":true,"href":"https:\/\/www.oefg-oberthulba.de\/index.php?rest_route=%2Fwp%2Fv2%2Fcategories&post=695"},{"taxonomy":"post_tag","embeddable":true,"href":"https:\/\/www.oefg-oberthulba.de\/index.php?rest_route=%2Fwp%2Fv2%2Ftags&post=695"}],"curies":[{"name":"wp","href":"https:\/\/api.w.org\/{rel}","templated":true}]}}